{"id":932006,"date":"2026-09-05T10:14:50","date_gmt":"2026-09-05T15:14:50","guid":{"rendered":"https:\/\/newsycanuse.com\/index.php\/2026\/09\/05\/victor-osimhen-risks-missing-super-eagles-september-afcon-2027-qualifiers\/"},"modified":"2026-09-05T10:14:50","modified_gmt":"2026-09-05T15:14:50","slug":"victor-osimhen-risks-missing-super-eagles-september-afcon-2027-qualifiers","status":"publish","type":"post","link":"https:\/\/newsycanuse.com\/index.php\/2026\/09\/05\/victor-osimhen-risks-missing-super-eagles-september-afcon-2027-qualifiers\/","title":{"rendered":"Victor Osimhen risks missing Super Eagles\u2019 September AFCON 2027 Qualifiers"},"content":{"rendered":"<p>Soccer <\/p>\n<div>\n<div>\n<p><img width=\"750\" height=\"500\" alt=\"Soccer Victor Osimhen risks missing Super Eagles\u2019 September AFCON 2027 Qualifiers\" decoding=\"async\" fetchpriority=\"high\" src=\"https:\/\/soccernet.ng\/thumbor\/cCykCRZAhqjcJgqrFRZLEgAJodo=\/750x500\/smart\/filters:format(webp)\/https%3A%2F%2Fmedia.soccernet.ng%2Fmain%2F2026%2F06%2Fimago1071131414.jpg\" srcset data-sizes=\"auto\" data-expand=\"700\"><\/p>\n<p>Victor Osimhen of Nigeria Super Eagles. Copyright: ImagoxSFSIx<\/p>\n<\/div>\n<div>\n<p><strong>Super Eagles striker Victor Osimhen could miss Nigeria\u2019s upcoming 2027 Africa Cup of Nations qualifiers later this month, <a href=\"https:\/\/Soccernet.ng\" target=\"_blank\" rel=\"noopener\">Soccernet.ng<\/a><\/strong> <strong>reports<\/strong>.<\/p>\n<p>\u200bThe Nigerian forward sustained an injury during Galatasaray\u2019s Turkish S\u00fcper Lig clash against Istanbul Ba\u015fak\u015fehir at the Fatih Terim Stadium on Friday.<\/p>\n<p>\u200bLeading the line for the Cimbom, Osimhen made an immediate impact by firing a sensational strike from outside the box, which bounced in off the underside of the crossbar.<\/p>\n<figure><img loading=\"lazy\" decoding=\"async\" width=\"1705\" height=\"607\" src=\"https:\/\/soccernet.ng\/thumbor\/mu9vl5RjLl7uGT-TDJ1dU9WTE10=\/1705x607\/smart\/filters:format(webp)\/https%3A%2F%2Fmedia.soccernet.ng%2Fmain%2F2026%2F08%2Fimago1065547240-edited.jpg\" alt=\"Soccer Victor Osimhen of Galatasaray\"><figcaption>Victor Osimhen of Galatasaray. (Photo by Imago)<\/figcaption><\/figure>\n<p>Despite looking sharp, the striker was forced off in the 33rd minute and replaced by Bar\u0131\u015f Alper Y\u0131lmaz. Osimhen appeared to clutch his thigh after stretching to intercept a pass just moments earlier.<\/p>\n<blockquote data-media-max-width=\"560\">\n<p lang=\"tr\" dir=\"ltr\">Osimhen bu pozisyon sonras\u0131 oyuna devam edemedi. <a href=\"https:\/\/t.co\/wYaJl6c4Do\">pic.twitter.com\/wYaJl6c4Do<\/a><\/p>\n<p>\u2014 GoalhubX \u2013 Anl\u0131k Goller (@Anindagol93) <a href=\"https:\/\/x.com\/Anindagol93\/status\/2095928525807071266?ref_src=twsrc%5Etfw\">September 4, 2026<\/a><\/p>\n<\/blockquote>\n<p>\u200bAlthough the club has yet to release an official medical update, Osimhen\u2019s injury history suggests he could face a short spell on the sidelines \u2014 a major setback for both club and country. <\/p>\n<p>Galatasaray are set to travel to Portugal next week to face Sporting CP in the UEFA Champions League, where his absence would be deeply felt.<\/p>\n<figure><img loading=\"lazy\" decoding=\"async\" width=\"3402\" height=\"2461\" src=\"https:\/\/soccernet.ng\/thumbor\/PyGODyWOZ6jnYZO7NyJyB3qTJDo=\/3402x2461\/smart\/filters:format(webp)\/https%3A%2F%2Fmedia.soccernet.ng%2Fmain%2F2026%2F04%2Fimago1076705721.jpg\" alt=\"Soccer Victor Osimhen of Galatasaray reacts during the Trendyol Super League match between Galatasaray SK and Fenerbahce SK at Rams Park Stadium on April 26, 2026 in Istanbul, Turkey.\"><figcaption>Victor Osimhen of Galatasaray. Copyright: Imago xSeskimphotox <\/figcaption><\/figure>\n<p>\u200bMeanwhile, Super Eagles head coach \u00c9ric Chelle will be monitoring the situation closely.<\/p>\n<h2>Soccer \u200b<strong>Can Nigeria Cope Without Victor Osimhen?<\/strong><\/h2>\n<p>\u200bWhile Osimhen limped off in visible discomfort, his substitution may have been a precautionary measure by manager Okan Buruk to prevent further damage ahead of their European fixture.<\/p>\n<p>\u200bRegardless, Coach Chelle will be anxious about his talisman&#8217;s fitness. Osimhen is undoubtedly Nigeria&#8217;s standout performer and primary attacking outlet, and the national team has frequently struggled for fluency in his absence.<\/p>\n<figure><img loading=\"lazy\" decoding=\"async\" width=\"2700\" height=\"1800\" src=\"https:\/\/soccernet.ng\/thumbor\/a1DRSwbcG0B2S4Nap8DbDBqBJ-M=\/2700x1800\/smart\/filters:format(webp)\/https%3A%2F%2Fmedia.soccernet.ng%2Fmain%2F2026%2F05%2Fimago1077920569.jpg\" alt=\"Soccer Super Eagles boss Eric Chelle during post match press conference after the Unity Cup London 2026 match between Nigeria and Zimbabwe at The Valley, London, UK on 26 May 2026. London The Valley.\"><figcaption>Super Eagles boss Eric Chelle. Copyright: ImagoxToyinxOshodi<\/figcaption><\/figure>\n<p>\u200bFortunately, the Super Eagles have alternatives in fine form. Strikers such as Tolu Arokodare, Cyriel Dessers, and Rafiu Durosinmi are all enjoying strong campaigns at their respective clubs.<\/p>\n<p>\u200bNigeria kick off their qualifying campaign on September 23 against Madagascar, before taking on Guinea-Bissau four days later. It is important that they start on a strong note, as only one team will qualify from their group. <\/p>\n<\/p><\/div>\n<div>\n<p><img alt=\"<!-- Author Start -->Kelvin Omachonu<!-- Author End -->&#8221; src=&#8221;https:\/\/soccernet.ng\/thumbor\/DXglm-OQ_TFVjV92-C51XBVEBWk=\/150&#215;150\/smart\/filters:format(webp)\/https%3A%2F%2Fmedia.soccernet.ng%2Fmain%2F2024%2F06%2FIMG-20240522-WA0001.jpg&#8221;  height=&#8221;80&#8243; width=&#8221;80&#8243;>\t\t<\/p>\n<div>\n<h3>\n\t\t\t\t<a href=\"https:\/\/soccernet.ng\/author\/kelvin\"><br \/>\n\t\t\t\t\tKelvin Omachonu\t\t\t\t<\/a><br \/>\n\t\t\t<\/h3>\n<p>\n\t\t\t\tKelvin Omachonu is a professional football columnist and sports writer with over half a decade of experience covering major events and delivering captivating, analytically-driven stories.<br \/>\nA graduate of the University of Ibadan, he is fueled by a profound dedication to sports journalism and the beautiful game. His insights have previously been featured in respected outlets, including IndyPress UI, UCJ UI Newshive NG, Sportpremi, and a few others.<br \/>\nAway from work, Kelvin is an avid fan of basketball, enjoys a great movie, and is always discovering new music.\t\t\t<\/p>\n<\/p><\/div>\n<\/p><\/div>\n<\/p><\/div>\n<p><a href=\"https:\/\/soccernet.ng\/2026\/09\/victor-osimhen-super-eagles-afcon-2027.html\" class=\"button purchase\" rel=\"nofollow noopener\" target=\"_blank\">Read More<\/a>Kelvin Omachonu<\/p>\n","protected":false},"excerpt":{"rendered":"<p>Soccer Victor Osimhen of Nigeria Super Eagles. Copyright: ImagoxSFSIx Super Eagles striker Victor Osimhen could miss Nigeria\u2019s upcoming 2027 Africa Cup of Nations qualifiers later this month, Soccernet.ng reports. \u200bThe Nigerian forward sustained an injury during Galatasaray\u2019s Turkish S\u00fcper Lig clash against Istanbul Ba\u015fak\u015fehir at the Fatih Terim Stadium on Friday. \u200bLeading the line for [&hellip;]<\/p>\n","protected":false},"author":1,"featured_media":932007,"comment_status":"open","ping_status":"open","sticky":false,"template":"","format":"standard","meta":{"footnotes":""},"categories":[96184,2005,29917],"tags":[96183,7669],"class_list":["post-932006","post","type-post","status-publish","format-standard","has-post-thumbnail","category-osimhen","category-soccer","category-victor","tag-osimhen","tag-victor"],"aioseo_notices":[],"_links":{"self":[{"href":"https:\/\/newsycanuse.com\/index.php\/wp-json\/wp\/v2\/posts\/932006","targetHints":{"allow":["GET"]}}],"collection":[{"href":"https:\/\/newsycanuse.com\/index.php\/wp-json\/wp\/v2\/posts"}],"about":[{"href":"https:\/\/newsycanuse.com\/index.php\/wp-json\/wp\/v2\/types\/post"}],"author":[{"embeddable":true,"href":"https:\/\/newsycanuse.com\/index.php\/wp-json\/wp\/v2\/users\/1"}],"replies":[{"embeddable":true,"href":"https:\/\/newsycanuse.com\/index.php\/wp-json\/wp\/v2\/comments?post=932006"}],"version-history":[{"count":0,"href":"https:\/\/newsycanuse.com\/index.php\/wp-json\/wp\/v2\/posts\/932006\/revisions"}],"wp:featuredmedia":[{"embeddable":true,"href":"https:\/\/newsycanuse.com\/index.php\/wp-json\/wp\/v2\/media\/932007"}],"wp:attachment":[{"href":"https:\/\/newsycanuse.com\/index.php\/wp-json\/wp\/v2\/media?parent=932006"}],"wp:term":[{"taxonomy":"category","embeddable":true,"href":"https:\/\/newsycanuse.com\/index.php\/wp-json\/wp\/v2\/categories?post=932006"},{"taxonomy":"post_tag","embeddable":true,"href":"https:\/\/newsycanuse.com\/index.php\/wp-json\/wp\/v2\/tags?post=932006"}],"curies":[{"name":"wp","href":"https:\/\/api.w.org\/{rel}","templated":true}]}}