{"id":893154,"date":"2026-03-21T02:17:17","date_gmt":"2026-03-21T07:17:17","guid":{"rendered":"https:\/\/newsycanuse.com\/index.php\/2026\/03\/21\/liverpool-condemn-konate-abuse-after-osimhen-injury-in-champions-league-clash\/"},"modified":"2026-03-21T02:17:17","modified_gmt":"2026-03-21T07:17:17","slug":"liverpool-condemn-konate-abuse-after-osimhen-injury-in-champions-league-clash","status":"publish","type":"post","link":"https:\/\/newsycanuse.com\/index.php\/2026\/03\/21\/liverpool-condemn-konate-abuse-after-osimhen-injury-in-champions-league-clash\/","title":{"rendered":"Liverpool condemn Konat\u00e9 abuse after Osimhen injury in Champions League clash"},"content":{"rendered":"<p>Soccer <\/p>\n<div>\n<div>\n<p><img width=\"750\" height=\"500\" alt=\"Soccer Liverpool condemn Konat\u00e9 abuse after Osimhen injury in Champions League clash\" decoding=\"async\" fetchpriority=\"high\" src=\"https:\/\/media.soccernet.ng\/main\/2026\/03\/imago1074504960-2.jpg\" srcset data-sizes=\"auto\" data-expand=\"700\"><\/p>\n<p>Galatasaray striker Victor Osimhen and Liverpool defender Konat\u00e9. Copyright: IMAGOxDavidxBlunsden<\/p>\n<\/div>\n<div>\n<p><strong>Liverpool have strongly spoken out after defender Ibrahima Konat\u00e9 was targeted with racist abuse on social media following their big win over Galatasaray in the UEFA Champions League, Soccernet.ng reports<\/strong>.<\/p>\n<p>Liverpool beat Galatasaray 4-0 at Anfield, sealing a 4-1 aggregate victory to reach the quarter-finals. But the match has been overshadowed by online attacks directed at Konat\u00e9.<\/p>\n<p>The French defender was heavily involved in several key moments during the game. One of the most important came early on, when he accidentally collided with Victor Osimhen. The impact led to a serious arm injury for the Nigerian striker.<\/p>\n<p>Konat\u00e9 also faced criticism for other incidents during the match. He was involved in a moment where he pulled a teammate away during a tense situation involving Noa Lang, and later clashed with Mauro Icardi near the goalposts.<\/p>\n<figure id=\"attachment_201016\" aria-describedby=\"caption-attachment-201016\"><img loading=\"lazy\" decoding=\"async\" src=\"https:\/\/media.soccernet.ng\/main\/2026\/03\/imago1067189354-1.jpg\" alt=\"Soccer Galatasaray striker Victor Osimhen and Liverpool defender Konat\u00e9 \" width=\"4800\" height=\"3200\"><figcaption id=\"caption-attachment-201016\">Galatasaray striker Victor Osimhen and Liverpool defender Konat\u00e9. Copyright: xSeskimphotoxIMAGO<\/figcaption><\/figure>\n<p>In the aftermath, some angry fans flooded social media with racist messages aimed at Konat\u00e9. These included offensive language and monkey emojis, a pattern often seen after high-pressure matches where emotions run high.<\/p>\n<p>Liverpool reacted quickly and firmly, releasing a <a href=\"https:\/\/x.com\/LFC\/status\/2034978513535869383\">strong statement<\/a> condemning the abuse.<\/p>\n<blockquote>\n<p>\u201cLiverpool FC is appalled and disgusted by the vile and abhorrent racist abuse directed at Ibrahima Konat\u00e9 on social media,\u201d the club said.<\/p>\n<\/blockquote>\n<p>The club also made it clear that such behaviour will not be tolerated and that they are monitoring the situation closely. They have urged social media platforms to take action against those responsible.<\/p>\n<figure id=\"attachment_201015\" aria-describedby=\"caption-attachment-201015\"><img loading=\"lazy\" decoding=\"async\" src=\"https:\/\/media.soccernet.ng\/main\/2026\/03\/imago1017915344.jpg\" alt=\"Soccer Ibrahima Konate 5 Liverpool and Victor Osimhen\" width=\"4191\" height=\"2794\"><figcaption id=\"caption-attachment-201015\">Photo by IMAGO<\/figcaption><\/figure>\n<h2>Soccer Victor Osimhen returns to Nigeria after Liverpool heartbreak\u00a0<\/h2>\n<p><a href=\"https:\/\/soccernet.ng\/2026\/03\/victor-osimhen-nigeria-fracture-liverpool.html\">Victor Osimhen is now back in Nigeria<\/a> as he continues to recover from the injury he suffered during the match at Anfield.<\/p>\n<p>The Galatasaray striker picked up the injury in the first half after the collision with Konat\u00e9. Despite the pain, he continued playing until half-time before being taken off.<\/p>\n<p>Medical checks later confirmed that Osimhen had fractured his right forearm. His arm has now been placed in a cast.<\/p>\n<p><a href=\"https:\/\/www.fanatik.com.tr\/galatasaray\/galeri-galatasarayi-bekleyen-buyuk-tehlike-victor-osimhende-ameliyat-bilmecesi-2616872\/3\" target=\"_blank\" rel=\"noopener\">According to reports<\/a>, the striker will wait for the swelling to go down before deciding whether he needs surgery. If surgery is required, he could be out of action for around six weeks.<\/p>\n<figure id=\"attachment_201014\" aria-describedby=\"caption-attachment-201014\"><img loading=\"lazy\" decoding=\"async\" src=\"https:\/\/media.soccernet.ng\/main\/2026\/03\/imago1017888035.jpg\" alt=\"Soccer Ibrahima Konate 5 Liverpool and Victor Osimhen\" width=\"2575\" height=\"1891\"><figcaption id=\"caption-attachment-201014\">Photo by IMAGO<\/figcaption><\/figure>\n<p>This would be a big blow for Galatasaray, as Osimhen could miss several important league games, including matches against Trabzonspor, Kocaelispor and Gen\u00e7lerbirli\u011fi. He is also facing a race against time to be fit for a major clash against Fenerbah\u00e7e on April 26.<\/p>\n<p>Osimhen\u2019s absence has already been felt at international level. He was not included in the Nigeria national football team squad for upcoming friendly matches against Iran and Jordan in Turkey.<\/p>\n<p>However, his trip to Nigeria was not entirely unexpected. It had already been planned before the injury and international break.<\/p>\n<p>This season has been challenging for the former African Footballer of the Year, who has struggled with fitness issues and missed several matches across domestic and European competitions.<\/p>\n<p>Even so, Osimhen has remained one of Galatasaray\u2019s most important players. He has contributed directly to 26 goals this season, scoring 19 times and providing seven assists.<\/p>\n<\/p><\/div>\n<div>\n<p><img alt=\"<!-- Author Start -->Imhonlamhen Eronmhonsele<!-- Author End -->&#8221; src=&#8221;https:\/\/media.soccernet.ng\/main\/2024\/12\/DSC_0327-copy-150&#215;150.jpg&#8221;  height=&#8221;80&#8243; width=&#8221;80&#8243;>\t\t<\/p>\n<div>\n<h3>\n\t\t\t\t<a href=\"https:\/\/soccernet.ng\/author\/imhonlamhen-eronmhonsele\"><br \/>\n\t\t\t\t\tImhonlamhen Eronmhonsele\t\t\t\t<\/a><br \/>\n\t\t\t<\/h3>\n<p>\n\t\t\t\tA lifelong fan of Arsenal and the Super Eagles, Imhonlamhen is a football writer and editor at Soccernet.ng, where his journey as a journalist began more than six years ago. Since then, he has helped shape the platform\u2019s editorial voice and guided it toward some of its proudest milestones. <\/p>\n<p>With a background in Engineering and further training in journalism and digital media, Imhons brings both precision and passion to his storytelling. His love for football runs deep, but he also follows boxing, chess, and athletics with equal curiosity.\t\t\t<\/p>\n<\/p><\/div>\n<\/p><\/div>\n<\/p><\/div>\n<p><a href=\"https:\/\/soccernet.ng\/2026\/03\/liverpool-konate-osimhen-ucl-galatasaray.html\" class=\"button purchase\" rel=\"nofollow noopener\" target=\"_blank\">Read More<\/a>Imhonlamhen Eronmhonsele<\/p>\n","protected":false},"excerpt":{"rendered":"<p>Soccer Galatasaray striker Victor Osimhen and Liverpool defender Konat\u00e9. Copyright: IMAGOxDavidxBlunsden Liverpool have strongly spoken out after defender Ibrahima Konat\u00e9 was targeted with racist abuse on social media following their big win over Galatasaray in the UEFA Champions League, Soccernet.ng reports. Liverpool beat Galatasaray 4-0 at Anfield, sealing a 4-1 aggregate victory to reach the [&hellip;]<\/p>\n","protected":false},"author":1,"featured_media":893155,"comment_status":"open","ping_status":"open","sticky":false,"template":"","format":"standard","meta":{"footnotes":""},"categories":[1514,22723,2005],"tags":[6106,43651],"class_list":{"0":"post-893154","1":"post","2":"type-post","3":"status-publish","4":"format-standard","5":"has-post-thumbnail","7":"category-condemn","8":"category-liverpool","9":"category-soccer","10":"tag-condemn","11":"tag-liverpool"},"aioseo_notices":[],"_links":{"self":[{"href":"https:\/\/newsycanuse.com\/index.php\/wp-json\/wp\/v2\/posts\/893154","targetHints":{"allow":["GET"]}}],"collection":[{"href":"https:\/\/newsycanuse.com\/index.php\/wp-json\/wp\/v2\/posts"}],"about":[{"href":"https:\/\/newsycanuse.com\/index.php\/wp-json\/wp\/v2\/types\/post"}],"author":[{"embeddable":true,"href":"https:\/\/newsycanuse.com\/index.php\/wp-json\/wp\/v2\/users\/1"}],"replies":[{"embeddable":true,"href":"https:\/\/newsycanuse.com\/index.php\/wp-json\/wp\/v2\/comments?post=893154"}],"version-history":[{"count":0,"href":"https:\/\/newsycanuse.com\/index.php\/wp-json\/wp\/v2\/posts\/893154\/revisions"}],"wp:featuredmedia":[{"embeddable":true,"href":"https:\/\/newsycanuse.com\/index.php\/wp-json\/wp\/v2\/media\/893155"}],"wp:attachment":[{"href":"https:\/\/newsycanuse.com\/index.php\/wp-json\/wp\/v2\/media?parent=893154"}],"wp:term":[{"taxonomy":"category","embeddable":true,"href":"https:\/\/newsycanuse.com\/index.php\/wp-json\/wp\/v2\/categories?post=893154"},{"taxonomy":"post_tag","embeddable":true,"href":"https:\/\/newsycanuse.com\/index.php\/wp-json\/wp\/v2\/tags?post=893154"}],"curies":[{"name":"wp","href":"https:\/\/api.w.org\/{rel}","templated":true}]}}