{"id":819714,"date":"2025-01-14T08:11:57","date_gmt":"2025-01-14T14:11:57","guid":{"rendered":"https:\/\/newsycanuse.com\/index.php\/2025\/01\/14\/inter-miami-de-messi-comeca-pre-epoca-com-mascherano-no-comando-tecnico\/"},"modified":"2025-01-14T08:11:57","modified_gmt":"2025-01-14T14:11:57","slug":"inter-miami-de-messi-comeca-pre-epoca-com-mascherano-no-comando-tecnico","status":"publish","type":"post","link":"https:\/\/newsycanuse.com\/index.php\/2025\/01\/14\/inter-miami-de-messi-comeca-pre-epoca-com-mascherano-no-comando-tecnico\/","title":{"rendered":"Inter Miami de Messi come\u00e7a pr\u00e9-\u00e9poca com Mascherano no comando t\u00e9cnico"},"content":{"rendered":"<p>Soccer <\/p>\n<div>\n<p>Com a presen\u00e7a do astro Lionel Messi, o Inter Miami iniciou, esta segunda-feira, os treinos de pr\u00e9-temporada j\u00e1 com o argentino Javier Mascherano enquanto treinador.<\/p>\n<p>Esta ser\u00e1 a terceira temporada de Lionel Messi na Major League Soccer e estar\u00e1, de novo, ao lado de Luis Su\u00e1rez e Jordi Alba.<\/p>\n<p>&#8220;Tanto o Leo (Messi), como os restantes colegas, est\u00e3o muito bem. Estamos muito felizes com a forma como os jogadores voltaram das f\u00e9rias, porque foram muito extensas&#8221;, afirmou Mascherano aos jornalistas nas instala\u00e7\u00f5es do clube, em Fort Lauderdale, perto de Miami.<\/p>\n<p>O t\u00e9cnico, que partilhou balne\u00e1rio com Messi no Barcelona e na sele\u00e7\u00e3o argentina, ir\u00e1 orientar a equipa pela primeira vez no pr\u00f3ximo jogo amig\u00e1vel frente ao Am\u00e9rica do M\u00e9xico, em Las Vegas, na madrugada de domingo.<\/p>\n<p>&#8220;N\u00e3o temos muito tempo para a prepara\u00e7\u00e3o para o jogo, mas vamos tentar gerir o tempo da melhor forma, para criar h\u00e1bitos no plantel&#8221;, explicou.<\/p>\n<p>Javier Mascherano tem em m\u00e3os o desafio de voltar a motivar um clube de quebrou o recorde de pontos na MLS, mas que foi eliminado de forma precoce na primeira ronda dos play-offs, em novembro.<\/p>\n<p>Em antevis\u00e3o ao duelo contra o Am\u00e9rica, o argentino avisou que gerir o tempo de jogo para cada um dos jogadores, de fora a controlar o cansa\u00e7o e o risco de les\u00f5es.<\/p>\n<p>&#8220;O objetivo \u00e9 preparar todos os jogadores fisicamente e tecnicamente para o in\u00edcio da competi\u00e7\u00e3o oficial. Os minutos em campo v\u00e3o ser geridos com base nas indica\u00e7\u00f5es de cada jogador&#8221;, refor\u00e7ou.<\/p>\n<p>Recorde-se que o Inter Miami \u00e9 um dos participantes no Mundial de Clubes da Fifa, onde est\u00e1 inserido no Grupo A, juntamente com Palmeiras, FC Porto e Al Ahly.<\/p>\n<\/div>\n<p><a href=\"https:\/\/desporto.sapo.pt\/futebol\/major-league-soccer\/artigos\/inter-miami-de-messi-comeca-pre-epoca-com-mascherano-no-comando-tecnico\" class=\"button purchase\" rel=\"nofollow noopener\" target=\"_blank\">Read More<\/a>Luz Redner<\/p>\n","protected":false},"excerpt":{"rendered":"<p>Soccer Com a presen\u00e7a do astro Lionel Messi, o Inter Miami iniciou, esta segunda-feira, os treinos de pr\u00e9-temporada j\u00e1 com o argentino Javier Mascherano enquanto treinador. Esta ser\u00e1 a terceira temporada de Lionel Messi na Major League Soccer e estar\u00e1, de novo, ao lado de Luis Su\u00e1rez e Jordi Alba. &#8220;Tanto o Leo (Messi), como [&hellip;]<\/p>\n","protected":false},"author":1,"featured_media":819715,"comment_status":"closed","ping_status":"closed","sticky":false,"template":"","format":"standard","meta":{"footnotes":""},"categories":[28002,3639,2005],"tags":[44211,6725],"class_list":{"0":"post-819714","1":"post","2":"type-post","3":"status-publish","4":"format-standard","5":"has-post-thumbnail","7":"category-inter","8":"category-miami","9":"category-soccer","10":"tag-inter","11":"tag-miami"},"aioseo_notices":[],"_links":{"self":[{"href":"https:\/\/newsycanuse.com\/index.php\/wp-json\/wp\/v2\/posts\/819714","targetHints":{"allow":["GET"]}}],"collection":[{"href":"https:\/\/newsycanuse.com\/index.php\/wp-json\/wp\/v2\/posts"}],"about":[{"href":"https:\/\/newsycanuse.com\/index.php\/wp-json\/wp\/v2\/types\/post"}],"author":[{"embeddable":true,"href":"https:\/\/newsycanuse.com\/index.php\/wp-json\/wp\/v2\/users\/1"}],"replies":[{"embeddable":true,"href":"https:\/\/newsycanuse.com\/index.php\/wp-json\/wp\/v2\/comments?post=819714"}],"version-history":[{"count":0,"href":"https:\/\/newsycanuse.com\/index.php\/wp-json\/wp\/v2\/posts\/819714\/revisions"}],"wp:featuredmedia":[{"embeddable":true,"href":"https:\/\/newsycanuse.com\/index.php\/wp-json\/wp\/v2\/media\/819715"}],"wp:attachment":[{"href":"https:\/\/newsycanuse.com\/index.php\/wp-json\/wp\/v2\/media?parent=819714"}],"wp:term":[{"taxonomy":"category","embeddable":true,"href":"https:\/\/newsycanuse.com\/index.php\/wp-json\/wp\/v2\/categories?post=819714"},{"taxonomy":"post_tag","embeddable":true,"href":"https:\/\/newsycanuse.com\/index.php\/wp-json\/wp\/v2\/tags?post=819714"}],"curies":[{"name":"wp","href":"https:\/\/api.w.org\/{rel}","templated":true}]}}